{"id":990,"date":"2022-05-30T13:10:26","date_gmt":"2022-05-30T11:10:26","guid":{"rendered":"https:\/\/www.sv-gleidingen.de\/?p=990"},"modified":"2022-05-30T13:10:27","modified_gmt":"2022-05-30T11:10:27","slug":"koenige-und-koeniginnen-sind-proklamiert","status":"publish","type":"post","link":"https:\/\/www.sv-gleidingen.de\/?p=990","title":{"rendered":"K\u00f6nige und K\u00f6niginnen sind proklamiert."},"content":{"rendered":"\n<p>Am vergangenen Samstag wurden die K\u00f6nige und K\u00f6nigin des Jahres 2022 und auch die K\u00f6nigin und der K\u00f6nig des virtuellen Sch\u00fctzenfestes 2021 gek\u00fchrt. <\/p>\n\n\n\n<p>Im Beisein zahlreicher G\u00e4ste aus Politik und Vereinen sowie Freunde und Sch\u00fctzenInnen fand die diesj\u00e4hrige Vergabe der Ehrenpreise und die Proklamation im Sch\u00fctzenhaus Gleidingen statt, bevor auch noch viele GleidingerInnen ab 20.00 Uhr mit den W\u00fcrdentr\u00e4gern bis in den Morgengrauen zusammen feierten.<\/p>\n\n\n\n<p>Dies war ein gelungener Auftakt zum kommenden Volks-und Sch\u00fctzenfest am Pfingstwochenende.<\/p>\n\n\n\n<p>Das Festprogramm finden sie auf dieser Seite: <a href=\"https:\/\/www.sv-gleidingen.de\/?page_id=909\" data-type=\"URL\" data-id=\"https:\/\/www.sv-gleidingen.de\/?page_id=909\" target=\"_blank\" rel=\"noreferrer noopener\">Volks-und Sch\u00fctzenfest 2022<\/a><\/p>\n\n\n\n<figure class=\"wp-block-image size-large is-resized\"><img loading=\"lazy\" decoding=\"async\" src=\"https:\/\/www.sv-gleidingen.de\/wp-content\/uploads\/2022\/05\/IMG_20220528_202821-1024x1024.jpg\" alt=\"\" class=\"wp-image-991\" width=\"314\" height=\"314\" srcset=\"https:\/\/www.sv-gleidingen.de\/wp-content\/uploads\/2022\/05\/IMG_20220528_202821-1024x1024.jpg 1024w, https:\/\/www.sv-gleidingen.de\/wp-content\/uploads\/2022\/05\/IMG_20220528_202821-300x300.jpg 300w, https:\/\/www.sv-gleidingen.de\/wp-content\/uploads\/2022\/05\/IMG_20220528_202821-150x150.jpg 150w, https:\/\/www.sv-gleidingen.de\/wp-content\/uploads\/2022\/05\/IMG_20220528_202821-768x768.jpg 768w, https:\/\/www.sv-gleidingen.de\/wp-content\/uploads\/2022\/05\/IMG_20220528_202821-1536x1536.jpg 1536w, https:\/\/www.sv-gleidingen.de\/wp-content\/uploads\/2022\/05\/IMG_20220528_202821-956x956.jpg 956w, https:\/\/www.sv-gleidingen.de\/wp-content\/uploads\/2022\/05\/IMG_20220528_202821.jpg 1564w\" sizes=\"auto, (max-width: 314px) 100vw, 314px\" \/><figcaption>Oben K\u00f6nige\/in 2022: 1.Dart-K\u00f6nig: T. Karich; Jugendk\u00f6nig: T. Langner; Sch\u00fctzenk\u00f6nigin S. Blumenberg; B\u00fcrgerk\u00f6nig: C. Hetzke  &#8211; Unten: virtueller K\u00f6nig und K\u00f6nigin 2021<\/figcaption><\/figure>\n\n\n\n<p><\/p>\n\n\n\n<p><\/p>\n\n\n\n<p><\/p>\n\n\n\n<p><\/p>\n\n\n\n<p><\/p>\n","protected":false},"excerpt":{"rendered":"<p>Am vergangenen Samstag wurden die K\u00f6nige und K\u00f6nigin des Jahres 2022 und auch die K\u00f6nigin und der K\u00f6nig des virtuellen Sch\u00fctzenfestes 2021 gek\u00fchrt. Im Beisein zahlreicher G\u00e4ste aus Politik und Vereinen sowie Freunde und Sch\u00fctzenInnen fand die diesj\u00e4hrige Vergabe der&#8230;<br \/><a class=\"read-more-button\" href=\"https:\/\/www.sv-gleidingen.de\/?p=990\">Mehr Lesen<\/a><\/p>\n","protected":false},"author":211,"featured_media":0,"comment_status":"closed","ping_status":"closed","sticky":false,"template":"","format":"standard","meta":{"footnotes":""},"categories":[1],"tags":[],"class_list":["post-990","post","type-post","status-publish","format-standard","hentry","category-allgemein"],"_links":{"self":[{"href":"https:\/\/www.sv-gleidingen.de\/index.php?rest_route=\/wp\/v2\/posts\/990","targetHints":{"allow":["GET"]}}],"collection":[{"href":"https:\/\/www.sv-gleidingen.de\/index.php?rest_route=\/wp\/v2\/posts"}],"about":[{"href":"https:\/\/www.sv-gleidingen.de\/index.php?rest_route=\/wp\/v2\/types\/post"}],"author":[{"embeddable":true,"href":"https:\/\/www.sv-gleidingen.de\/index.php?rest_route=\/wp\/v2\/users\/211"}],"replies":[{"embeddable":true,"href":"https:\/\/www.sv-gleidingen.de\/index.php?rest_route=%2Fwp%2Fv2%2Fcomments&post=990"}],"version-history":[{"count":1,"href":"https:\/\/www.sv-gleidingen.de\/index.php?rest_route=\/wp\/v2\/posts\/990\/revisions"}],"predecessor-version":[{"id":992,"href":"https:\/\/www.sv-gleidingen.de\/index.php?rest_route=\/wp\/v2\/posts\/990\/revisions\/992"}],"wp:attachment":[{"href":"https:\/\/www.sv-gleidingen.de\/index.php?rest_route=%2Fwp%2Fv2%2Fmedia&parent=990"}],"wp:term":[{"taxonomy":"category","embeddable":true,"href":"https:\/\/www.sv-gleidingen.de\/index.php?rest_route=%2Fwp%2Fv2%2Fcategories&post=990"},{"taxonomy":"post_tag","embeddable":true,"href":"https:\/\/www.sv-gleidingen.de\/index.php?rest_route=%2Fwp%2Fv2%2Ftags&post=990"}],"curies":[{"name":"wp","href":"https:\/\/api.w.org\/{rel}","templated":true}]}}