{"id":841,"date":"2022-02-19T22:40:29","date_gmt":"2022-02-19T21:40:29","guid":{"rendered":"https:\/\/www.sv-gleidingen.de\/?p=841"},"modified":"2022-02-19T22:40:30","modified_gmt":"2022-02-19T21:40:30","slug":"jahreshauptversammlung-2022","status":"publish","type":"post","link":"https:\/\/www.sv-gleidingen.de\/?p=841","title":{"rendered":"Jahreshauptversammlung 2022"},"content":{"rendered":"\n<p>Der Vorstand des Sch\u00fctzenverein Gleidingen v. 1928 e.V. hat seine Mitglieder fristgerecht zur Jahreshauptversammlung am 04. M\u00e4rz 2022 in Sch\u00fctzenhaus Gleidingen eingeladen.<br>Wie in der Einladung mitgeteilt, wird diese Veranstaltung in hybrider Variante sowohl klassisch vor Ort als auch als Video-Livestream stattfinden.<br>F\u00fcr die Mitglieder vor Ort gelten die am 4. M\u00e4rz geltenden Hygieneregeln f\u00fcr diese Veranstaltung.<br>Diese werden, sobald bekannt, auf dieser Seite und am schwarzen Brett und den weiteren Medien den Mitgliedern mitgeteilt.<\/p>\n","protected":false},"excerpt":{"rendered":"<p>Der Vorstand des Sch\u00fctzenverein Gleidingen v. 1928 e.V. hat seine Mitglieder fristgerecht zur Jahreshauptversammlung am 04. M\u00e4rz 2022 in Sch\u00fctzenhaus Gleidingen eingeladen.Wie in der Einladung mitgeteilt, wird diese Veranstaltung in hybrider Variante sowohl klassisch vor Ort als auch als Video-Livestream&#8230;<br \/><a class=\"read-more-button\" href=\"https:\/\/www.sv-gleidingen.de\/?p=841\">Mehr Lesen<\/a><\/p>\n","protected":false},"author":211,"featured_media":0,"comment_status":"closed","ping_status":"closed","sticky":false,"template":"","format":"standard","meta":{"footnotes":""},"categories":[1],"tags":[],"class_list":["post-841","post","type-post","status-publish","format-standard","hentry","category-allgemein"],"_links":{"self":[{"href":"https:\/\/www.sv-gleidingen.de\/index.php?rest_route=\/wp\/v2\/posts\/841","targetHints":{"allow":["GET"]}}],"collection":[{"href":"https:\/\/www.sv-gleidingen.de\/index.php?rest_route=\/wp\/v2\/posts"}],"about":[{"href":"https:\/\/www.sv-gleidingen.de\/index.php?rest_route=\/wp\/v2\/types\/post"}],"author":[{"embeddable":true,"href":"https:\/\/www.sv-gleidingen.de\/index.php?rest_route=\/wp\/v2\/users\/211"}],"replies":[{"embeddable":true,"href":"https:\/\/www.sv-gleidingen.de\/index.php?rest_route=%2Fwp%2Fv2%2Fcomments&post=841"}],"version-history":[{"count":1,"href":"https:\/\/www.sv-gleidingen.de\/index.php?rest_route=\/wp\/v2\/posts\/841\/revisions"}],"predecessor-version":[{"id":842,"href":"https:\/\/www.sv-gleidingen.de\/index.php?rest_route=\/wp\/v2\/posts\/841\/revisions\/842"}],"wp:attachment":[{"href":"https:\/\/www.sv-gleidingen.de\/index.php?rest_route=%2Fwp%2Fv2%2Fmedia&parent=841"}],"wp:term":[{"taxonomy":"category","embeddable":true,"href":"https:\/\/www.sv-gleidingen.de\/index.php?rest_route=%2Fwp%2Fv2%2Fcategories&post=841"},{"taxonomy":"post_tag","embeddable":true,"href":"https:\/\/www.sv-gleidingen.de\/index.php?rest_route=%2Fwp%2Fv2%2Ftags&post=841"}],"curies":[{"name":"wp","href":"https:\/\/api.w.org\/{rel}","templated":true}]}}