{"id":472,"date":"2018-05-18T09:56:21","date_gmt":"2018-05-18T07:56:21","guid":{"rendered":"https:\/\/www.sv-gleidingen.de\/?p=472"},"modified":"2020-05-26T15:49:35","modified_gmt":"2020-05-26T13:49:35","slug":"volks-und-schuetzenfest-2018-festprogramm","status":"publish","type":"post","link":"https:\/\/www.sv-gleidingen.de\/?p=472","title":{"rendered":"Volks- und Sch\u00fctzenfest 2018 &#8211; Festprogramm"},"content":{"rendered":"<p>Das aktuelle Festprogramm im PDF Format finden sie hier: <a href=\"https:\/\/www.sv-gleidingen.de\/wp-content\/uploads\/2018\/05\/Festprogramm2018-1.pdf\">Download als PDF<\/a><\/p>\n<h1>Samstag, den 19. Mai 2018<\/h1>\n<p><strong>12.45 &#8211; 13.45 Uhr&nbsp;&nbsp;&nbsp;&nbsp;&nbsp;&nbsp;&nbsp;&nbsp;&nbsp; <\/strong>Ausschie\u00dfen des Schausteller-Kinderk\u00f6nigs 2018 auf dem<strong>&nbsp;<\/strong>Festplatz f\u00fcr alle Gleidinger Kinder von 10 \u2013 12 Jahren (Aushang beachten)<\/p>\n<p><strong>14.00 Uhr<\/strong>&nbsp;&nbsp;&nbsp;&nbsp;&nbsp; Siegerehrung des Schausteller-Kinderk\u00f6nigs 2018<\/p>\n<p><strong>14.15 Uhr<\/strong>&nbsp;&nbsp;&nbsp;&nbsp;&nbsp; Treffen der Kinder auf dem Festplatz zum Kinderumzug<\/p>\n<p><strong>14.30 Uhr<\/strong><strong>&nbsp;&nbsp;&nbsp;&nbsp;&nbsp; Kinderumzug mit dem Schausteller-Kinderk\u00f6nig 2018<\/strong><\/p>\n<p><strong>15.30 Uhr<\/strong><strong>&nbsp;&nbsp;&nbsp;&nbsp;&nbsp; <\/strong>Aufstellen des Sch\u00fctzenvereins auf dem Festplatz. Ausmarsch durch das gro\u00dfe Tor an der Oesselser Stra\u00dfe zum Scheibenaufh\u00e4ngen<\/p>\n<p><strong>19.00 Uhr<\/strong>&nbsp;&nbsp;&nbsp;&nbsp;&nbsp; Einmarsch der K\u00f6nige und der Sch\u00fctzen in das Festzelt. K\u00f6nigsvesper f\u00fcr Sch\u00fctzen\/ -innen und G\u00e4ste<\/p>\n<p><strong>19.30 Uhr<\/strong>&nbsp;&nbsp;&nbsp;&nbsp;&nbsp; Er\u00f6ffnung des Sch\u00fctzenfestes durch den 1. Vorsitzenden mit Bieranstich und Tanz der K\u00f6nige<\/p>\n<p><strong>20.00 Uhr&nbsp;&nbsp;&nbsp;&nbsp;&nbsp; <\/strong>Partynachtunterhaltung durch die Sunnyboys<\/p>\n<p>&nbsp;<\/p>\n<h1>Pfingstsonntag, den 20. Mai 2018<\/h1>\n<p><strong>13.00 Uhr<\/strong>&nbsp;&nbsp;&nbsp;&nbsp;&nbsp; Empfang der Gastvereine durch den Sch\u00fctzenverein<\/p>\n<p><strong>13.45 Uhr<\/strong>&nbsp;&nbsp;&nbsp;&nbsp;&nbsp; Aufstellung der Gastvereine zum Ausmarsch auf der Aschenbahn<\/p>\n<p><strong>14.00 Uhr&nbsp;&nbsp;&nbsp;&nbsp;&nbsp; Ausmarsch durch das gro\u00dfe Tor zum Festumzug<br \/>\n<\/strong><\/p>\n<p><strong>&nbsp;&nbsp;&nbsp;&nbsp;&nbsp;&nbsp;&nbsp;&nbsp;&nbsp;&nbsp;&nbsp;&nbsp;&nbsp;&nbsp;&nbsp;&nbsp;&nbsp;&nbsp;&nbsp;&nbsp; Festplatz \u2013 Oesselser Str. &#8211; Osterstr. \u2013 Am Leinkamp &#8211; Hildesheimer Str. &#8211; Ritterstr. &#8211; Tordenskioldstr &#8211; Immengarten &#8211; Triftstr. &#8211; Oesselser Str. \u2013 Festplatz<\/strong><strong><br \/>\n<\/strong><\/p>\n<p><strong>15.00 Uhr<\/strong>&nbsp;&nbsp;&nbsp;&nbsp;&nbsp; Begr\u00fc\u00dfung im Festzelt und gem\u00fctliches Beisammensein Unterhaltung durch die beim Ausmarsch mitwirkenden Musikz\u00fcge<\/p>\n<p><strong>17.00 Uhr<\/strong>&nbsp;&nbsp;&nbsp;&nbsp;&nbsp; Unterhaltung durch den \u201eDJ Ingo\u201c aus Hildesheim<\/p>\n<p>&nbsp;<\/p>\n<h1><strong><u>Pfingstmontag, den 21. Mai 2018<\/u><\/strong><\/h1>\n<p><strong>10.00 Uhr&nbsp;&nbsp;&nbsp;&nbsp;&nbsp; <\/strong>Gottesdienst im Festzelt mit Pastorin Susanne Michaelsen<\/p>\n<p><strong>11.45 Uhr&nbsp;&nbsp;&nbsp;&nbsp;&nbsp; <\/strong>Festessen im Festzelt<\/p>\n<p><strong>14.00 &#8211;&nbsp;18.00 Uhr&nbsp; &nbsp;&nbsp;&nbsp;&nbsp;&nbsp;&nbsp;&nbsp;&nbsp; Familientag: Alle Fahrgesch\u00e4fte zu erm\u00e4\u00dfigten Preisen<\/strong><\/p>\n<p><strong>14.30 &#8211;&nbsp;16.30 Uhr &nbsp;&nbsp;&nbsp;&nbsp;&nbsp;&nbsp;&nbsp;&nbsp;&nbsp;&nbsp; <\/strong>Ausgabe der Ballons f\u00fcr den Ballon-Weitflug-Wettbewerb f\u00fcr Kinder und Jugendliche bis einschl. 16 Jahre<\/p>\n<p><strong>15.00 Uhr<\/strong>&nbsp;&nbsp;&nbsp;&nbsp;&nbsp; Kaffeestunde f\u00fcr die Gleidinger Seniorinnen und Senioren, die wir hiermit herzlich einladen. Kommen Sie zu uns ins Festzelt um bei Kaffee und Kuchen ein paar gem\u00fctliche Stunden zu verbringen<\/p>\n<p><strong>ca. 16.45 Uhr &nbsp;&nbsp;&nbsp;&nbsp;&nbsp;&nbsp;&nbsp;&nbsp;&nbsp;&nbsp; Start des Ballon-Weitflug-Wettbewerb<\/strong><\/p>\n<p><strong>17.30 Uhr<\/strong>&nbsp;&nbsp;&nbsp;&nbsp;&nbsp; Siegerehrung und Preisverteilung an die Sieger des Vergleichsschie\u00dfens der Gleidinger Vereine, Verb\u00e4nde und Firmen 2018 und Siegerehrung des Weitflug-Wettbewerbes 2017<\/p>\n<p><strong>18.30 Uhr&nbsp;&nbsp;&nbsp;&nbsp;&nbsp; <\/strong>Auff\u00fchrung der Show Dance Majoretten Ingeln-Oesselse e.V.<\/p>\n<p><strong>19.00 Uhr<\/strong>&nbsp;&nbsp;&nbsp;&nbsp;&nbsp; Unterhaltung durch den \u201eDJ Silvio\u201c<\/p>\n<p><strong>ca. 22.30 <\/strong><strong>Uhr &nbsp;&nbsp;&nbsp;&nbsp;&nbsp;&nbsp;&nbsp;&nbsp;&nbsp;&nbsp; <\/strong>Gro\u00dfes Schausteller-Brilliantfeuerwerk, als Dank an die diesj\u00e4hrigen Besucher des Volks- und Sch\u00fctzenfestes<strong> (<\/strong>Bei hoher Waldbrandgefahr kann es zu beh\u00f6rdlicher Absage kommen)<\/p>\n","protected":false},"excerpt":{"rendered":"<p>Das aktuelle Festprogramm im PDF Format finden sie hier: Download als PDF Samstag, den 19. Mai 2018 12.45 &#8211; 13.45 Uhr&nbsp;&nbsp;&nbsp;&nbsp;&nbsp;&nbsp;&nbsp;&nbsp;&nbsp; Ausschie\u00dfen des Schausteller-Kinderk\u00f6nigs 2018 auf dem&nbsp;Festplatz f\u00fcr alle Gleidinger Kinder von 10 \u2013 12 Jahren (Aushang beachten) 14.00 Uhr&nbsp;&nbsp;&nbsp;&nbsp;&nbsp;&#8230;<br \/><a class=\"read-more-button\" href=\"https:\/\/www.sv-gleidingen.de\/?p=472\">Mehr Lesen<\/a><\/p>\n","protected":false},"author":1,"featured_media":476,"comment_status":"closed","ping_status":"closed","sticky":false,"template":"","format":"standard","meta":{"footnotes":""},"categories":[1],"tags":[],"class_list":["post-472","post","type-post","status-publish","format-standard","has-post-thumbnail","hentry","category-allgemein"],"_links":{"self":[{"href":"https:\/\/www.sv-gleidingen.de\/index.php?rest_route=\/wp\/v2\/posts\/472","targetHints":{"allow":["GET"]}}],"collection":[{"href":"https:\/\/www.sv-gleidingen.de\/index.php?rest_route=\/wp\/v2\/posts"}],"about":[{"href":"https:\/\/www.sv-gleidingen.de\/index.php?rest_route=\/wp\/v2\/types\/post"}],"author":[{"embeddable":true,"href":"https:\/\/www.sv-gleidingen.de\/index.php?rest_route=\/wp\/v2\/users\/1"}],"replies":[{"embeddable":true,"href":"https:\/\/www.sv-gleidingen.de\/index.php?rest_route=%2Fwp%2Fv2%2Fcomments&post=472"}],"version-history":[{"count":3,"href":"https:\/\/www.sv-gleidingen.de\/index.php?rest_route=\/wp\/v2\/posts\/472\/revisions"}],"predecessor-version":[{"id":493,"href":"https:\/\/www.sv-gleidingen.de\/index.php?rest_route=\/wp\/v2\/posts\/472\/revisions\/493"}],"wp:featuredmedia":[{"embeddable":true,"href":"https:\/\/www.sv-gleidingen.de\/index.php?rest_route=\/wp\/v2\/media\/476"}],"wp:attachment":[{"href":"https:\/\/www.sv-gleidingen.de\/index.php?rest_route=%2Fwp%2Fv2%2Fmedia&parent=472"}],"wp:term":[{"taxonomy":"category","embeddable":true,"href":"https:\/\/www.sv-gleidingen.de\/index.php?rest_route=%2Fwp%2Fv2%2Fcategories&post=472"},{"taxonomy":"post_tag","embeddable":true,"href":"https:\/\/www.sv-gleidingen.de\/index.php?rest_route=%2Fwp%2Fv2%2Ftags&post=472"}],"curies":[{"name":"wp","href":"https:\/\/api.w.org\/{rel}","templated":true}]}}