{"id":466,"date":"2018-05-05T21:47:33","date_gmt":"2018-05-05T19:47:33","guid":{"rendered":"https:\/\/www.sv-gleidingen.de\/?p=466"},"modified":"2018-05-05T21:47:33","modified_gmt":"2018-05-05T19:47:33","slug":"kreisverband-ehrt-gleidinger-schuetzen-und-schuetzinnen","status":"publish","type":"post","link":"https:\/\/www.sv-gleidingen.de\/?p=466","title":{"rendered":"Kreisverband ehrt Gleidinger Sch\u00fctzen und Sch\u00fctzinnen"},"content":{"rendered":"<p>Am gestrigen Freitag fand im Stadtsaal Sarstedt der j\u00e4hrliche Deligiertentag des Sportsch\u00fctzenverband SSV Hildesheim-Marienburg statt.<br \/>\nIm Zuge der Jahreshauptversammlung wurden auch die Ehrungen f\u00fcr verdiente Mitglieder vorgenommen.<br \/>\nVom Sch\u00fctzenverein Gleidingen v. 1928 e.V. wurden<br \/>\nWolfgang Busch und Andrea Maneke mit der bronzenen sowie Christian Dawideit mit der silbernen Verdienstnadel des Verbandes geehrt.<\/p>\n<p>Der Sch\u00fctzenverein Gleidingen gratuliert seinen Mitgliedern zu dieser Ehrung.<\/p>\n","protected":false},"excerpt":{"rendered":"<p>Am gestrigen Freitag fand im Stadtsaal Sarstedt der j\u00e4hrliche Deligiertentag des Sportsch\u00fctzenverband SSV Hildesheim-Marienburg statt. Im Zuge der Jahreshauptversammlung wurden auch die Ehrungen f\u00fcr verdiente Mitglieder vorgenommen. Vom Sch\u00fctzenverein Gleidingen v. 1928 e.V. wurden Wolfgang Busch und Andrea Maneke mit&#8230;<br \/><a class=\"read-more-button\" href=\"https:\/\/www.sv-gleidingen.de\/?p=466\">Mehr Lesen<\/a><\/p>\n","protected":false},"author":211,"featured_media":0,"comment_status":"closed","ping_status":"closed","sticky":false,"template":"","format":"standard","meta":{"footnotes":""},"categories":[1],"tags":[],"class_list":["post-466","post","type-post","status-publish","format-standard","hentry","category-allgemein"],"_links":{"self":[{"href":"https:\/\/www.sv-gleidingen.de\/index.php?rest_route=\/wp\/v2\/posts\/466","targetHints":{"allow":["GET"]}}],"collection":[{"href":"https:\/\/www.sv-gleidingen.de\/index.php?rest_route=\/wp\/v2\/posts"}],"about":[{"href":"https:\/\/www.sv-gleidingen.de\/index.php?rest_route=\/wp\/v2\/types\/post"}],"author":[{"embeddable":true,"href":"https:\/\/www.sv-gleidingen.de\/index.php?rest_route=\/wp\/v2\/users\/211"}],"replies":[{"embeddable":true,"href":"https:\/\/www.sv-gleidingen.de\/index.php?rest_route=%2Fwp%2Fv2%2Fcomments&post=466"}],"version-history":[{"count":2,"href":"https:\/\/www.sv-gleidingen.de\/index.php?rest_route=\/wp\/v2\/posts\/466\/revisions"}],"predecessor-version":[{"id":495,"href":"https:\/\/www.sv-gleidingen.de\/index.php?rest_route=\/wp\/v2\/posts\/466\/revisions\/495"}],"wp:attachment":[{"href":"https:\/\/www.sv-gleidingen.de\/index.php?rest_route=%2Fwp%2Fv2%2Fmedia&parent=466"}],"wp:term":[{"taxonomy":"category","embeddable":true,"href":"https:\/\/www.sv-gleidingen.de\/index.php?rest_route=%2Fwp%2Fv2%2Fcategories&post=466"},{"taxonomy":"post_tag","embeddable":true,"href":"https:\/\/www.sv-gleidingen.de\/index.php?rest_route=%2Fwp%2Fv2%2Ftags&post=466"}],"curies":[{"name":"wp","href":"https:\/\/api.w.org\/{rel}","templated":true}]}}