{"id":387,"date":"2017-05-31T15:35:39","date_gmt":"2017-05-31T13:35:39","guid":{"rendered":"https:\/\/www.sv-gleidingen.de\/?p=387"},"modified":"2017-05-31T15:55:38","modified_gmt":"2017-05-31T13:55:38","slug":"volks-und-schuetzenfest-2017-festprogramm","status":"publish","type":"post","link":"https:\/\/www.sv-gleidingen.de\/?p=387","title":{"rendered":"Volks- und Sch\u00fctzenfest 2017 &#8211; Festprogramm"},"content":{"rendered":"<p>Das aktuelle Festprogramm im PDF Format finden sie hier: <a href=\"http:\/\/schuetzenfest-gleidingen.de\/Festprogramm2017Final.pdf\" target=\"_blank\" rel=\"noopener noreferrer\">Download als PDF<\/a><\/p>\n<h1>Samstag, den 03. Juni 2017<\/h1>\n<p><strong>12.45 &#8211;\u00a013.45 Uhr \u00a0<\/strong>Ausschie\u00dfen des\u00a0 Schausteller-Kinderk\u00f6nigs 2017 auf dem Festplatz f\u00fcr alle Gleidinger Kinder von 10 \u2013 12 Jahren \u00a0(Aushang beachten)<\/p>\n<p><strong>14.00 Uhr<\/strong>\u00a0\u00a0\u00a0\u00a0\u00a0 Siegerehrung des Schausteller-Kinderk\u00f6nigs 2017<\/p>\n<p><strong>14.15 Uhr<\/strong>\u00a0\u00a0\u00a0\u00a0\u00a0 Treffen der Kinder auf dem Festplatz zum Kinderumzug<\/p>\n<p><strong>14.30 Uhr<\/strong><strong>\u00a0\u00a0\u00a0\u00a0\u00a0 Kinderumzug mit dem Schausteller-Kinderk\u00f6nig 2017<\/strong><\/p>\n<p><strong>15.30 Uhr<\/strong><strong>\u00a0\u00a0\u00a0\u00a0\u00a0 <\/strong>Aufstellen des Sch\u00fctzenvereins auf dem Festplatz. Ausmarsch durch das gro\u00dfe Tor an der Oesselser Stra\u00dfe zum Scheibenaufh\u00e4ngen<\/p>\n<p><strong>19.00 Uhr<\/strong>\u00a0\u00a0\u00a0\u00a0\u00a0 Einmarsch der K\u00f6nige und der Sch\u00fctzen in das Festzelt.\u00a0 K\u00f6nigsvesper f\u00fcr Sch\u00fctzen\/ -innen und G\u00e4ste<\/p>\n<p><strong>19.30 Uhr<\/strong>\u00a0\u00a0\u00a0\u00a0\u00a0 Er\u00f6ffnung des Sch\u00fctzenfestes durch den 1. Vorsitzenden mit Bieranstich und Tanz der K\u00f6nige<\/p>\n<p><strong>20.00 Uhr\u00a0\u00a0\u00a0\u00a0\u00a0 <\/strong>Unterhaltung durch den \u201eDJ &amp; Entertainer Christian Boy\u201c<\/p>\n<h1>Pfingstsonntag, den 04. Juni 2017<\/h1>\n<p><strong>13.00 Uhr<\/strong>\u00a0\u00a0\u00a0\u00a0\u00a0 Empfang der Gastvereine durch den Sch\u00fctzenverein<\/p>\n<p><strong>13.45 Uhr<\/strong>\u00a0\u00a0\u00a0\u00a0\u00a0 Aufstellung der Gastvereine zum Ausmarsch auf der Aschenbahn<br \/>\n<strong>14.00 Uhr\u00a0\u00a0\u00a0\u00a0\u00a0 Ausmarsch durch das gro\u00dfe Tor zum Festumzug<\/strong><\/p>\n<p><strong>\u00a0 \u00a0 \u00a0 \u00a0 \u00a0 \u00a0 \u00a0 \u00a0 \u00a0 \u00a0 \u00a0Festplatz \u2013 Oesselser Str. &#8211; Triftstr. \u2013 Immengarten &#8211; Tordenskioldstr\u00a0 &#8211; Ritterstr. &#8211; Hildesheimer Str. &#8211; Am Leinkamp &#8211; Osterstr. &#8211; Oesselser Str. &#8211; Festplatz<\/strong><\/p>\n<p><strong>15.00 Uhr<\/strong>\u00a0\u00a0\u00a0\u00a0\u00a0 Begr\u00fc\u00dfung im Festzelt und gem\u00fctliches Beisammensein. Unterhaltung durch die beim Ausmarsch mitwirkenden Musikz\u00fcge<\/p>\n<p><strong>17.00 Uhr\u00a0 <\/strong>\u00a0\u00a0\u00a0 Unterhaltung durch den \u201eDJ Ingo Wende\u201c aus Hildesheim<\/p>\n<h1><strong><u>Pfingstmontag, den 05. Juni 2017<\/u><\/strong><\/h1>\n<p><strong>10.00 Uhr\u00a0\u00a0\u00a0\u00a0\u00a0 <\/strong>Gottesdienst im Festzelt mit Pastorin Susanne Michaelsen und musikalischer Begleitung durch das norwegische Blasorchester Langhus Blaeselag<\/p>\n<p><strong>11.45 Uhr\u00a0\u00a0\u00a0\u00a0\u00a0 <\/strong>Festessen im Festzelt<\/p>\n<p><strong>14.00-18.00 Uhr \u00a0 \u00a0 \u00a0 \u00a0 \u00a0 \u00a0Familientag: Alle Fahrgesch\u00e4fte zu erm\u00e4\u00dfigten Preisen<\/strong><\/p>\n<p><strong>14.30-16.30 Uhr \u00a0 \u00a0 \u00a0 \u00a0 \u00a0 \u00a0<\/strong>Ausgabe der Ballons f\u00fcr den Ballon-Weitflug-Wettbewer bf\u00fcr Kinder und Jugendliche bis einschl. 16 Jahre<\/p>\n<p><strong>15.00 Uhr<\/strong>\u00a0\u00a0\u00a0\u00a0\u00a0 Kaffeestunde f\u00fcr die Gleidinger Seniorinnen und Senioren, die wir hiermit herzlich einladen. Kommen Sie zu uns ins Festzelt um bei Kaffee und Kuchen ein paar gem\u00fctliche Stunden zu verbringen<\/p>\n<p><strong>15.30 Uhr\u00a0\u00a0\u00a0\u00a0\u00a0 <\/strong>Musikalische Unterhaltung durch das norwegische Blasorchester Langhus Blaeselag und dem M\u00e4nnerchor Orpheus<\/p>\n<p><strong>16.45 Uhr \u00a0 \u00a0 \u00a0Start des Ballon-Weitflug-Wettbewerb<\/strong><\/p>\n<p><strong>17.30 Uhr<\/strong>\u00a0\u00a0\u00a0\u00a0\u00a0 Siegerehrung und Preisverteilung an die Sieger des Vergleichsschie\u00dfens der Gleidinger Vereine, Verb\u00e4nde und Firmen 2017 \/ Siegerehrung des Weitflug-Wettbewerbes 2016<\/p>\n<p><strong>18.30 Uhr\u00a0\u00a0\u00a0\u00a0\u00a0 <\/strong>Auff\u00fchrung der Show Dance Majoretten Ingeln-Oesselse e.V.<\/p>\n<p><strong>19.00 Uhr<\/strong>\u00a0\u00a0\u00a0\u00a0\u00a0 Unterhaltung durch den \u201eDJ &amp; Entertainer Christian Boy&#8220;<\/p>\n<p><strong>22.30 Uhr <\/strong>Gro\u00dfes Schausteller-Brilliantfeuerwerk, als Dank an die diesj\u00e4hrigen<strong>\u00a0<\/strong>Besucher des Volks- und Sch\u00fctzenfestes (Bei hoher Waldbrandgefahr kann es zu beh\u00f6rdlicher Absage kommen)<\/p>\n","protected":false},"excerpt":{"rendered":"<p>Das aktuelle Festprogramm im PDF Format finden sie hier: Download als PDF Samstag, den 03. Juni 2017 12.45 &#8211;\u00a013.45 Uhr \u00a0Ausschie\u00dfen des\u00a0 Schausteller-Kinderk\u00f6nigs 2017 auf dem Festplatz f\u00fcr alle Gleidinger Kinder von 10 \u2013 12 Jahren \u00a0(Aushang beachten) 14.00 Uhr\u00a0\u00a0\u00a0\u00a0\u00a0&#8230;<br \/><a class=\"read-more-button\" href=\"https:\/\/www.sv-gleidingen.de\/?p=387\">Mehr Lesen<\/a><\/p>\n","protected":false},"author":1,"featured_media":388,"comment_status":"closed","ping_status":"closed","sticky":false,"template":"","format":"standard","meta":{"footnotes":""},"categories":[1],"tags":[],"class_list":["post-387","post","type-post","status-publish","format-standard","has-post-thumbnail","hentry","category-allgemein"],"_links":{"self":[{"href":"https:\/\/www.sv-gleidingen.de\/index.php?rest_route=\/wp\/v2\/posts\/387","targetHints":{"allow":["GET"]}}],"collection":[{"href":"https:\/\/www.sv-gleidingen.de\/index.php?rest_route=\/wp\/v2\/posts"}],"about":[{"href":"https:\/\/www.sv-gleidingen.de\/index.php?rest_route=\/wp\/v2\/types\/post"}],"author":[{"embeddable":true,"href":"https:\/\/www.sv-gleidingen.de\/index.php?rest_route=\/wp\/v2\/users\/1"}],"replies":[{"embeddable":true,"href":"https:\/\/www.sv-gleidingen.de\/index.php?rest_route=%2Fwp%2Fv2%2Fcomments&post=387"}],"version-history":[{"count":5,"href":"https:\/\/www.sv-gleidingen.de\/index.php?rest_route=\/wp\/v2\/posts\/387\/revisions"}],"predecessor-version":[{"id":393,"href":"https:\/\/www.sv-gleidingen.de\/index.php?rest_route=\/wp\/v2\/posts\/387\/revisions\/393"}],"wp:featuredmedia":[{"embeddable":true,"href":"https:\/\/www.sv-gleidingen.de\/index.php?rest_route=\/wp\/v2\/media\/388"}],"wp:attachment":[{"href":"https:\/\/www.sv-gleidingen.de\/index.php?rest_route=%2Fwp%2Fv2%2Fmedia&parent=387"}],"wp:term":[{"taxonomy":"category","embeddable":true,"href":"https:\/\/www.sv-gleidingen.de\/index.php?rest_route=%2Fwp%2Fv2%2Fcategories&post=387"},{"taxonomy":"post_tag","embeddable":true,"href":"https:\/\/www.sv-gleidingen.de\/index.php?rest_route=%2Fwp%2Fv2%2Ftags&post=387"}],"curies":[{"name":"wp","href":"https:\/\/api.w.org\/{rel}","templated":true}]}}