{"id":183,"date":"2016-06-01T15:33:35","date_gmt":"2016-06-01T13:33:35","guid":{"rendered":"https:\/\/svg.it-seeker.org\/?p=183"},"modified":"2016-06-01T15:33:35","modified_gmt":"2016-06-01T13:33:35","slug":"jahreshauptversammlung-2016","status":"publish","type":"post","link":"https:\/\/www.sv-gleidingen.de\/?p=183","title":{"rendered":"Jahreshauptversammlung 2016"},"content":{"rendered":"<p>Am 4. M\u00e4rz 2016 fand im Sch\u00fctzenhaus des SV Gleidingen die diesj\u00e4hrige Hauptversammlung statt.<\/p>\n<p>Nach der Verlesung und Genehmigung der Protokolle vom Vorjahr sowie den Berichten des 1. Vorsitzenden Christian Davideit, des kommissarischen Sportleiters Peter Maneke und der Spartenleiter Wolfgang Thomas, Mark Habenich, Andrea Maneke, Iris Lorenz und Wolfgang Busch \u00fcber das zur\u00fcck liegende Jahr wurde dem Vorstand einstimmig Entlastung erteilt.<br \/>\nPeter Maneke, der im letzten Jahr das Amt des Sportleiters kommissarisch \u00fcbernommen hatte wurde von den Mitgliedern einstimmig zum Schie\u00dfsportleiter gew\u00e4hlt.<br \/>\nDer Sch\u00fctzenverein Gleidingen konnte an diesem Abend auch einige Ehrungen f\u00fcr langj\u00e4hrige Mitglieder vornehmen. 40 Jahre Mitgliedschaft f\u00fcr Ulrike Habe nicht und Andrea Maneke. Aufgrund Abwesenheit konnten einige Mitglieder Ihre Auszeichnung nicht pers\u00f6nlich entgegen nehmen.<br \/>\nSportliche Erfolge: Folgende Sch\u00fctzenschn\u00fcre konnten entgegen genommen werden:<br \/>\nGr\u00fcne Sch\u00fctzenschn\u00fcre gingen an Franziska Wenske, Iris Rohrbach, Christian Davideit, Onur Dumlo, Heiko Schmidt, Gabor Lovas, Bernd Rohrbach, die silberne an Marion Caspari und die goldene an Andrea Waldmann, Marco Caspari und an Wolfgang Thomas.<br \/>\nDie Jugendsparte Sch\u00fcler ist der diesj\u00e4hrige Gewinner der Hildesheimer Rose. Florian Kositz, Kevin Lai und Florian Lorenz erhielten f\u00fcr Ihre gro\u00dfartige Leistung gro\u00dfen Applaus.<br \/>\nDie Mtgliederzahl von 185 Vereinsmitgliedern konnte trotz Abgang von Tod und 4 Austritten gehalten werden. Das liegt sicher auch daran, das neben dem &#8222;klassischen&#8220; Schie\u00dfen auch Vorderladerschie\u00dfen mit Schwarzpulver angeboten wird. Mit einem eigenen Pistolenstand und einer 50 Meter&#8220;Bahn&#8220; f\u00fcr Kleinkaliber Gewehre kann dieser Verein ebenfalls auftrumpfen.<br \/>\nDas Ostereierschie\u00dfen sowie die Anmeldung zum Ostereierfr\u00fchst\u00fcck enden am 17. M\u00e4rz. Wer am Fr\u00fchst\u00fcck Karfreitag um 11 Uhr teilnehmen m\u00f6chte sollte sich<br \/>\nbis dahin gegen Einzahlung von 9 \u20ac entschieden haben.<\/p>\n<p><img loading=\"lazy\" decoding=\"async\" class=\"alignnone wp-image-184 size-full\" src=\"https:\/\/www.sv-gleidingen.de\/wp-content\/uploads\/2016\/06\/3760601_web.jpg\" alt=\"3760601_web\" width=\"600\" height=\"450\" srcset=\"https:\/\/www.sv-gleidingen.de\/wp-content\/uploads\/2016\/06\/3760601_web.jpg 600w, https:\/\/www.sv-gleidingen.de\/wp-content\/uploads\/2016\/06\/3760601_web-300x225.jpg 300w\" sizes=\"auto, (max-width: 600px) 100vw, 600px\" \/><\/p>\n","protected":false},"excerpt":{"rendered":"<p>Am 4. M\u00e4rz 2016 fand im Sch\u00fctzenhaus des SV Gleidingen die diesj\u00e4hrige Hauptversammlung statt. Nach der Verlesung und Genehmigung der Protokolle vom Vorjahr sowie den Berichten des 1. Vorsitzenden Christian Davideit, des kommissarischen Sportleiters Peter Maneke und der Spartenleiter Wolfgang&#8230;<br \/><a class=\"read-more-button\" href=\"https:\/\/www.sv-gleidingen.de\/?p=183\">Mehr Lesen<\/a><\/p>\n","protected":false},"author":1,"featured_media":0,"comment_status":"closed","ping_status":"closed","sticky":false,"template":"","format":"standard","meta":{"footnotes":""},"categories":[1],"tags":[],"class_list":["post-183","post","type-post","status-publish","format-standard","hentry","category-allgemein"],"_links":{"self":[{"href":"https:\/\/www.sv-gleidingen.de\/index.php?rest_route=\/wp\/v2\/posts\/183","targetHints":{"allow":["GET"]}}],"collection":[{"href":"https:\/\/www.sv-gleidingen.de\/index.php?rest_route=\/wp\/v2\/posts"}],"about":[{"href":"https:\/\/www.sv-gleidingen.de\/index.php?rest_route=\/wp\/v2\/types\/post"}],"author":[{"embeddable":true,"href":"https:\/\/www.sv-gleidingen.de\/index.php?rest_route=\/wp\/v2\/users\/1"}],"replies":[{"embeddable":true,"href":"https:\/\/www.sv-gleidingen.de\/index.php?rest_route=%2Fwp%2Fv2%2Fcomments&post=183"}],"version-history":[{"count":1,"href":"https:\/\/www.sv-gleidingen.de\/index.php?rest_route=\/wp\/v2\/posts\/183\/revisions"}],"predecessor-version":[{"id":185,"href":"https:\/\/www.sv-gleidingen.de\/index.php?rest_route=\/wp\/v2\/posts\/183\/revisions\/185"}],"wp:attachment":[{"href":"https:\/\/www.sv-gleidingen.de\/index.php?rest_route=%2Fwp%2Fv2%2Fmedia&parent=183"}],"wp:term":[{"taxonomy":"category","embeddable":true,"href":"https:\/\/www.sv-gleidingen.de\/index.php?rest_route=%2Fwp%2Fv2%2Fcategories&post=183"},{"taxonomy":"post_tag","embeddable":true,"href":"https:\/\/www.sv-gleidingen.de\/index.php?rest_route=%2Fwp%2Fv2%2Ftags&post=183"}],"curies":[{"name":"wp","href":"https:\/\/api.w.org\/{rel}","templated":true}]}}