{"id":181,"date":"2016-03-26T15:32:39","date_gmt":"2016-03-26T14:32:39","guid":{"rendered":"https:\/\/svg.it-seeker.org\/?p=181"},"modified":"2016-06-01T15:32:55","modified_gmt":"2016-06-01T13:32:55","slug":"volle-fahrt-zum-volks-und-schuetzenfest-2016","status":"publish","type":"post","link":"https:\/\/www.sv-gleidingen.de\/?p=181","title":{"rendered":"Volle Fahrt zum Volks- und Sch\u00fctzenfest 2016"},"content":{"rendered":"<div class=\"items-leading clearfix\">\n<div class=\"leading-0 clearfix\">\n<p>Die Osterfeiertage sind im vollen Gange. Zeit des Gedenken und der mehr oder minder ruhigen Zeit.<br \/>\nDoch wenn Ostern erst ist, ist es zu Pfingsten nicht mehr weit.<br \/>\nNur noch gut sechs Wochen und das Volks- und Sch\u00fctzenfest steht an.<\/p>\n<p>Der Festablauf f\u00fcr das diesj\u00e4hrige Volks- und Sch\u00fctzenfest steht fest. Und die Rahmendaten haben wir<br \/>\nschon auf unserer Homepage ver\u00f6ffentlicht.<br \/>\nDer Sch\u00fctzenverein Gleidingen und die Schausteller freuen sich auf Ihren Besuch!<\/p>\n<\/div>\n<\/div>\n<div class=\"items-row cols-1 row-0 row-fluid\"><\/div>\n","protected":false},"excerpt":{"rendered":"<p>Die Osterfeiertage sind im vollen Gange. Zeit des Gedenken und der mehr oder minder ruhigen Zeit. Doch wenn Ostern erst ist, ist es zu Pfingsten nicht mehr weit. Nur noch gut sechs Wochen und das Volks- und Sch\u00fctzenfest steht an&#8230;.<br \/><a class=\"read-more-button\" href=\"https:\/\/www.sv-gleidingen.de\/?p=181\">Mehr Lesen<\/a><\/p>\n","protected":false},"author":1,"featured_media":0,"comment_status":"closed","ping_status":"closed","sticky":false,"template":"","format":"standard","meta":{"footnotes":""},"categories":[1],"tags":[],"class_list":["post-181","post","type-post","status-publish","format-standard","hentry","category-allgemein"],"_links":{"self":[{"href":"https:\/\/www.sv-gleidingen.de\/index.php?rest_route=\/wp\/v2\/posts\/181","targetHints":{"allow":["GET"]}}],"collection":[{"href":"https:\/\/www.sv-gleidingen.de\/index.php?rest_route=\/wp\/v2\/posts"}],"about":[{"href":"https:\/\/www.sv-gleidingen.de\/index.php?rest_route=\/wp\/v2\/types\/post"}],"author":[{"embeddable":true,"href":"https:\/\/www.sv-gleidingen.de\/index.php?rest_route=\/wp\/v2\/users\/1"}],"replies":[{"embeddable":true,"href":"https:\/\/www.sv-gleidingen.de\/index.php?rest_route=%2Fwp%2Fv2%2Fcomments&post=181"}],"version-history":[{"count":1,"href":"https:\/\/www.sv-gleidingen.de\/index.php?rest_route=\/wp\/v2\/posts\/181\/revisions"}],"predecessor-version":[{"id":182,"href":"https:\/\/www.sv-gleidingen.de\/index.php?rest_route=\/wp\/v2\/posts\/181\/revisions\/182"}],"wp:attachment":[{"href":"https:\/\/www.sv-gleidingen.de\/index.php?rest_route=%2Fwp%2Fv2%2Fmedia&parent=181"}],"wp:term":[{"taxonomy":"category","embeddable":true,"href":"https:\/\/www.sv-gleidingen.de\/index.php?rest_route=%2Fwp%2Fv2%2Fcategories&post=181"},{"taxonomy":"post_tag","embeddable":true,"href":"https:\/\/www.sv-gleidingen.de\/index.php?rest_route=%2Fwp%2Fv2%2Ftags&post=181"}],"curies":[{"name":"wp","href":"https:\/\/api.w.org\/{rel}","templated":true}]}}