{"id":167,"date":"2016-05-31T12:35:32","date_gmt":"2016-05-31T10:35:32","guid":{"rendered":"https:\/\/svg.it-seeker.org\/?p=167"},"modified":"2016-06-01T13:06:23","modified_gmt":"2016-06-01T11:06:23","slug":"koenige-und-koeniginnen-2016-sind-proklamiert","status":"publish","type":"post","link":"https:\/\/www.sv-gleidingen.de\/?p=167","title":{"rendered":"K\u00f6nige und K\u00f6niginnen 2016"},"content":{"rendered":"<p>Am vergangenen Freitag wurden die K\u00f6nige und K\u00f6niginnen des aktuellen Jahres proklamiert.<\/p>\n<p>Die Proklamation fand in Beisein von zahlreichen G\u00e4sten und Freunden des Vereins im Sch\u00fctzenhaus Gleidingen statt.<br \/>\nSo konnte Christian Dawideit unter anderem die stellvertretenden B\u00fcrgermeister der Stadt Laatzen Ernesto Nebot und der Ortschaft Gleidingen Rolf Pieper begr\u00fc\u00dfen. Daneben fanden auch die Kontaktbeamten der Polizei, Vertreter des Ortsrates und der \u00f6rtlichen Vereine (AWO, SOVD, DRK, Kulturring Gleidingen, IGV, GUG, Havanna Club und des BSV Gleidingen) den Weg ins Sch\u00fctzenhaus Gleidingen.<\/p>\n<p>Sie und die Sch\u00fctzen und Sch\u00fctzinnen feierten bis sp\u00e4t in die Nacht die neuen K\u00f6nige und K\u00f6niginnen.<\/p>\n<p>In diesem Jahr sind Marco und Marion Caspari das K\u00f6nigspaar. Als Jugendk\u00f6nigin hat sich Sarina Blumenberg und bei den Senioren Heiko Schmidt durchgesetzt. Ariane Blumenberg, die Mutter von Sarina, ist in diesem Jahr zum wiederholten Male unsere B\u00fcrgerk\u00f6nigin. Und konnte sich als Erste die von der GUG (Gleidinger Unternehmer Gemeinschaft) gestiftete neue B\u00fcrgerk\u00f6nigskette umh\u00e4ngen.<\/p>\n<p><img loading=\"lazy\" decoding=\"async\" class=\"aligncenter wp-image-168 size-full\" src=\"https:\/\/www.sv-gleidingen.de\/wp-content\/uploads\/2016\/05\/Koenige2016_kl.jpg\" alt=\"Koenige2016_kl\" width=\"749\" height=\"525\" srcset=\"https:\/\/www.sv-gleidingen.de\/wp-content\/uploads\/2016\/05\/Koenige2016_kl.jpg 749w, https:\/\/www.sv-gleidingen.de\/wp-content\/uploads\/2016\/05\/Koenige2016_kl-300x210.jpg 300w\" sizes=\"auto, (max-width: 749px) 100vw, 749px\" \/><\/p>\n","protected":false},"excerpt":{"rendered":"<p>Am vergangenen Freitag wurden die K\u00f6nige und K\u00f6niginnen des aktuellen Jahres proklamiert. Die Proklamation fand in Beisein von zahlreichen G\u00e4sten und Freunden des Vereins im Sch\u00fctzenhaus Gleidingen statt. So konnte Christian Dawideit unter anderem die stellvertretenden B\u00fcrgermeister der Stadt Laatzen&#8230;<br \/><a class=\"read-more-button\" href=\"https:\/\/www.sv-gleidingen.de\/?p=167\">Mehr Lesen<\/a><\/p>\n","protected":false},"author":1,"featured_media":0,"comment_status":"open","ping_status":"open","sticky":false,"template":"","format":"standard","meta":{"footnotes":""},"categories":[1],"tags":[],"class_list":["post-167","post","type-post","status-publish","format-standard","hentry","category-allgemein"],"_links":{"self":[{"href":"https:\/\/www.sv-gleidingen.de\/index.php?rest_route=\/wp\/v2\/posts\/167","targetHints":{"allow":["GET"]}}],"collection":[{"href":"https:\/\/www.sv-gleidingen.de\/index.php?rest_route=\/wp\/v2\/posts"}],"about":[{"href":"https:\/\/www.sv-gleidingen.de\/index.php?rest_route=\/wp\/v2\/types\/post"}],"author":[{"embeddable":true,"href":"https:\/\/www.sv-gleidingen.de\/index.php?rest_route=\/wp\/v2\/users\/1"}],"replies":[{"embeddable":true,"href":"https:\/\/www.sv-gleidingen.de\/index.php?rest_route=%2Fwp%2Fv2%2Fcomments&post=167"}],"version-history":[{"count":3,"href":"https:\/\/www.sv-gleidingen.de\/index.php?rest_route=\/wp\/v2\/posts\/167\/revisions"}],"predecessor-version":[{"id":175,"href":"https:\/\/www.sv-gleidingen.de\/index.php?rest_route=\/wp\/v2\/posts\/167\/revisions\/175"}],"wp:attachment":[{"href":"https:\/\/www.sv-gleidingen.de\/index.php?rest_route=%2Fwp%2Fv2%2Fmedia&parent=167"}],"wp:term":[{"taxonomy":"category","embeddable":true,"href":"https:\/\/www.sv-gleidingen.de\/index.php?rest_route=%2Fwp%2Fv2%2Fcategories&post=167"},{"taxonomy":"post_tag","embeddable":true,"href":"https:\/\/www.sv-gleidingen.de\/index.php?rest_route=%2Fwp%2Fv2%2Ftags&post=167"}],"curies":[{"name":"wp","href":"https:\/\/api.w.org\/{rel}","templated":true}]}}