{"id":1464,"date":"2023-11-22T13:59:03","date_gmt":"2023-11-22T12:59:03","guid":{"rendered":"https:\/\/www.sv-gleidingen.de\/?p=1464"},"modified":"2023-11-22T13:59:05","modified_gmt":"2023-11-22T12:59:05","slug":"weihnachtlicher-adventskaffee","status":"publish","type":"post","link":"https:\/\/www.sv-gleidingen.de\/?p=1464","title":{"rendered":"Weihnachtlicher Adventskaffee"},"content":{"rendered":"\n<p>Auch in diesem Jahr l\u00e4dt der Festausschuss und vorstand des Vereins seine Mitglieder zum Adventskaffee ins Sch\u00fctzenhaus Gleidingen ein.<br>Bei Kaffee, Gl\u00fchwein, Geb\u00e4ck und Kuchen soll das Jahr am einen gem\u00fctlichen Ausklang finden.<br>Denn die Gastronomie geht ab dem 18. Dezember in den Weihnachtsurlaub.<br>Es sind alle junge und alte Mitglieder herzlich eingeladen.<br>Ein PKW-Transfer kann bei Bedarf sicher organisiert werden.<\/p>\n\n\n\n<figure data-wp-context=\"{&quot;imageId&quot;:&quot;69f31941a5145&quot;}\" data-wp-interactive=\"core\/image\" data-wp-key=\"69f31941a5145\" class=\"wp-block-image size-medium is-style-default wp-lightbox-container\"><img loading=\"lazy\" decoding=\"async\" width=\"225\" height=\"300\" data-wp-class--hide=\"state.isContentHidden\" data-wp-class--show=\"state.isContentVisible\" data-wp-init=\"callbacks.setButtonStyles\" data-wp-on--click=\"actions.showLightbox\" data-wp-on--load=\"callbacks.setButtonStyles\" data-wp-on-window--resize=\"callbacks.setButtonStyles\" src=\"https:\/\/www.sv-gleidingen.de\/wp-content\/uploads\/2023\/11\/SVWeihnachten2023-225x300.jpg\" alt=\"\" class=\"wp-image-1465\" srcset=\"https:\/\/www.sv-gleidingen.de\/wp-content\/uploads\/2023\/11\/SVWeihnachten2023-225x300.jpg 225w, https:\/\/www.sv-gleidingen.de\/wp-content\/uploads\/2023\/11\/SVWeihnachten2023.jpg 417w\" sizes=\"auto, (max-width: 225px) 100vw, 225px\" \/><button\n\t\t\tclass=\"lightbox-trigger\"\n\t\t\ttype=\"button\"\n\t\t\taria-haspopup=\"dialog\"\n\t\t\taria-label=\"Vergr\u00f6\u00dfern\"\n\t\t\tdata-wp-init=\"callbacks.initTriggerButton\"\n\t\t\tdata-wp-on--click=\"actions.showLightbox\"\n\t\t\tdata-wp-style--right=\"state.imageButtonRight\"\n\t\t\tdata-wp-style--top=\"state.imageButtonTop\"\n\t\t>\n\t\t\t<svg xmlns=\"http:\/\/www.w3.org\/2000\/svg\" width=\"12\" height=\"12\" fill=\"none\" viewBox=\"0 0 12 12\">\n\t\t\t\t<path fill=\"#fff\" d=\"M2 0a2 2 0 0 0-2 2v2h1.5V2a.5.5 0 0 1 .5-.5h2V0H2Zm2 10.5H2a.5.5 0 0 1-.5-.5V8H0v2a2 2 0 0 0 2 2h2v-1.5ZM8 12v-1.5h2a.5.5 0 0 0 .5-.5V8H12v2a2 2 0 0 1-2 2H8Zm2-12a2 2 0 0 1 2 2v2h-1.5V2a.5.5 0 0 0-.5-.5H8V0h2Z\" \/>\n\t\t\t<\/svg>\n\t\t<\/button><\/figure>\n","protected":false},"excerpt":{"rendered":"<p>Auch in diesem Jahr l\u00e4dt der Festausschuss und vorstand des Vereins seine Mitglieder zum Adventskaffee ins Sch\u00fctzenhaus Gleidingen ein.Bei Kaffee, Gl\u00fchwein, Geb\u00e4ck und Kuchen soll das Jahr am einen gem\u00fctlichen Ausklang finden.Denn die Gastronomie geht ab dem 18. Dezember in&#8230;<br \/><a class=\"read-more-button\" href=\"https:\/\/www.sv-gleidingen.de\/?p=1464\">Mehr Lesen<\/a><\/p>\n","protected":false},"author":211,"featured_media":0,"comment_status":"closed","ping_status":"closed","sticky":false,"template":"","format":"standard","meta":{"footnotes":""},"categories":[1],"tags":[],"class_list":["post-1464","post","type-post","status-publish","format-standard","hentry","category-allgemein"],"_links":{"self":[{"href":"https:\/\/www.sv-gleidingen.de\/index.php?rest_route=\/wp\/v2\/posts\/1464","targetHints":{"allow":["GET"]}}],"collection":[{"href":"https:\/\/www.sv-gleidingen.de\/index.php?rest_route=\/wp\/v2\/posts"}],"about":[{"href":"https:\/\/www.sv-gleidingen.de\/index.php?rest_route=\/wp\/v2\/types\/post"}],"author":[{"embeddable":true,"href":"https:\/\/www.sv-gleidingen.de\/index.php?rest_route=\/wp\/v2\/users\/211"}],"replies":[{"embeddable":true,"href":"https:\/\/www.sv-gleidingen.de\/index.php?rest_route=%2Fwp%2Fv2%2Fcomments&post=1464"}],"version-history":[{"count":1,"href":"https:\/\/www.sv-gleidingen.de\/index.php?rest_route=\/wp\/v2\/posts\/1464\/revisions"}],"predecessor-version":[{"id":1466,"href":"https:\/\/www.sv-gleidingen.de\/index.php?rest_route=\/wp\/v2\/posts\/1464\/revisions\/1466"}],"wp:attachment":[{"href":"https:\/\/www.sv-gleidingen.de\/index.php?rest_route=%2Fwp%2Fv2%2Fmedia&parent=1464"}],"wp:term":[{"taxonomy":"category","embeddable":true,"href":"https:\/\/www.sv-gleidingen.de\/index.php?rest_route=%2Fwp%2Fv2%2Fcategories&post=1464"},{"taxonomy":"post_tag","embeddable":true,"href":"https:\/\/www.sv-gleidingen.de\/index.php?rest_route=%2Fwp%2Fv2%2Ftags&post=1464"}],"curies":[{"name":"wp","href":"https:\/\/api.w.org\/{rel}","templated":true}]}}