{"id":1368,"date":"2023-06-24T16:36:22","date_gmt":"2023-06-24T14:36:22","guid":{"rendered":"https:\/\/www.sv-gleidingen.de\/?p=1368"},"modified":"2023-06-24T16:36:24","modified_gmt":"2023-06-24T14:36:24","slug":"summercup-der-laatzener-jugendabteilungen","status":"publish","type":"post","link":"https:\/\/www.sv-gleidingen.de\/?p=1368","title":{"rendered":"SummerCup der Laatzener Jugendabteilungen"},"content":{"rendered":"\n<p>Heute war unsere Jugendabteilung beim Sommercup in Laatzen unterwegs. Veranstalter war in diesem Jahr der Sch\u00fctzenverein Laatzen. Mit einem gemeinsamen Fr\u00fchst\u00fcck wurde der Tag gem\u00fctlich begonnen. Anschlie\u00dfend wurden gemischte Teams gebildet, mit denen sie an unterschiedlichen Stationen, Punkte sammeln mussten. Auch die Jugendleiter und Betreuer waren gefragt. Sie mussten ihr K\u00f6nnen auf dem Schie\u00dfstand beweisen. Mit viel Spa\u00df und Begeisterung waren alle dabei. Um 13 Uhr war die Siegerehrung. Es gab f\u00fcr jeden Teilnehmer eine \u00dcberraschungst\u00fcte und einen kleinen Geldpreis! Bei dieser Veranstaltung geht es vor allem um jede Menge Spa\u00df sowie um die Gemeinschaft und Zusammenarbeit innerhalb der Laatzener Vereine.<\/p>\n\n\n\n<figure class=\"wp-block-image size-medium is-style-default\"><img loading=\"lazy\" decoding=\"async\" width=\"300\" height=\"300\" src=\"https:\/\/www.sv-gleidingen.de\/wp-content\/uploads\/2023\/06\/IMG_20230624_163304_711-300x300.webp\" alt=\"\" class=\"wp-image-1369\" srcset=\"https:\/\/www.sv-gleidingen.de\/wp-content\/uploads\/2023\/06\/IMG_20230624_163304_711-300x300.webp 300w, https:\/\/www.sv-gleidingen.de\/wp-content\/uploads\/2023\/06\/IMG_20230624_163304_711-1024x1024.webp 1024w, https:\/\/www.sv-gleidingen.de\/wp-content\/uploads\/2023\/06\/IMG_20230624_163304_711-150x150.webp 150w, https:\/\/www.sv-gleidingen.de\/wp-content\/uploads\/2023\/06\/IMG_20230624_163304_711-768x768.webp 768w, https:\/\/www.sv-gleidingen.de\/wp-content\/uploads\/2023\/06\/IMG_20230624_163304_711-956x956.webp 956w, https:\/\/www.sv-gleidingen.de\/wp-content\/uploads\/2023\/06\/IMG_20230624_163304_711.webp 1440w\" sizes=\"auto, (max-width: 300px) 100vw, 300px\" \/><\/figure>\n\n\n\n<figure class=\"wp-block-image size-medium is-style-default\"><img loading=\"lazy\" decoding=\"async\" width=\"240\" height=\"300\" src=\"https:\/\/www.sv-gleidingen.de\/wp-content\/uploads\/2023\/06\/IMG_20230624_163044_228-240x300.webp\" alt=\"\" class=\"wp-image-1370\" srcset=\"https:\/\/www.sv-gleidingen.de\/wp-content\/uploads\/2023\/06\/IMG_20230624_163044_228-240x300.webp 240w, https:\/\/www.sv-gleidingen.de\/wp-content\/uploads\/2023\/06\/IMG_20230624_163044_228-819x1024.webp 819w, https:\/\/www.sv-gleidingen.de\/wp-content\/uploads\/2023\/06\/IMG_20230624_163044_228-768x960.webp 768w, https:\/\/www.sv-gleidingen.de\/wp-content\/uploads\/2023\/06\/IMG_20230624_163044_228-1229x1536.webp 1229w, https:\/\/www.sv-gleidingen.de\/wp-content\/uploads\/2023\/06\/IMG_20230624_163044_228-956x1195.webp 956w, https:\/\/www.sv-gleidingen.de\/wp-content\/uploads\/2023\/06\/IMG_20230624_163044_228.webp 1440w\" sizes=\"auto, (max-width: 240px) 100vw, 240px\" \/><\/figure>\n\n\n\n<figure class=\"wp-block-image size-medium is-style-default\"><img loading=\"lazy\" decoding=\"async\" width=\"240\" height=\"300\" src=\"https:\/\/www.sv-gleidingen.de\/wp-content\/uploads\/2023\/06\/IMG_20230624_163044_214-240x300.webp\" alt=\"\" class=\"wp-image-1371\" srcset=\"https:\/\/www.sv-gleidingen.de\/wp-content\/uploads\/2023\/06\/IMG_20230624_163044_214-240x300.webp 240w, https:\/\/www.sv-gleidingen.de\/wp-content\/uploads\/2023\/06\/IMG_20230624_163044_214-819x1024.webp 819w, https:\/\/www.sv-gleidingen.de\/wp-content\/uploads\/2023\/06\/IMG_20230624_163044_214-768x960.webp 768w, https:\/\/www.sv-gleidingen.de\/wp-content\/uploads\/2023\/06\/IMG_20230624_163044_214-1229x1536.webp 1229w, https:\/\/www.sv-gleidingen.de\/wp-content\/uploads\/2023\/06\/IMG_20230624_163044_214-956x1195.webp 956w, https:\/\/www.sv-gleidingen.de\/wp-content\/uploads\/2023\/06\/IMG_20230624_163044_214.webp 1440w\" sizes=\"auto, (max-width: 240px) 100vw, 240px\" \/><\/figure>\n","protected":false},"excerpt":{"rendered":"<p>Heute war unsere Jugendabteilung beim Sommercup in Laatzen unterwegs. Veranstalter war in diesem Jahr der Sch\u00fctzenverein Laatzen. Mit einem gemeinsamen Fr\u00fchst\u00fcck wurde der Tag gem\u00fctlich begonnen. Anschlie\u00dfend wurden gemischte Teams gebildet, mit denen sie an unterschiedlichen Stationen, Punkte sammeln mussten&#8230;.<br \/><a class=\"read-more-button\" href=\"https:\/\/www.sv-gleidingen.de\/?p=1368\">Mehr Lesen<\/a><\/p>\n","protected":false},"author":211,"featured_media":0,"comment_status":"closed","ping_status":"closed","sticky":false,"template":"","format":"standard","meta":{"footnotes":""},"categories":[1],"tags":[],"class_list":["post-1368","post","type-post","status-publish","format-standard","hentry","category-allgemein"],"_links":{"self":[{"href":"https:\/\/www.sv-gleidingen.de\/index.php?rest_route=\/wp\/v2\/posts\/1368","targetHints":{"allow":["GET"]}}],"collection":[{"href":"https:\/\/www.sv-gleidingen.de\/index.php?rest_route=\/wp\/v2\/posts"}],"about":[{"href":"https:\/\/www.sv-gleidingen.de\/index.php?rest_route=\/wp\/v2\/types\/post"}],"author":[{"embeddable":true,"href":"https:\/\/www.sv-gleidingen.de\/index.php?rest_route=\/wp\/v2\/users\/211"}],"replies":[{"embeddable":true,"href":"https:\/\/www.sv-gleidingen.de\/index.php?rest_route=%2Fwp%2Fv2%2Fcomments&post=1368"}],"version-history":[{"count":1,"href":"https:\/\/www.sv-gleidingen.de\/index.php?rest_route=\/wp\/v2\/posts\/1368\/revisions"}],"predecessor-version":[{"id":1372,"href":"https:\/\/www.sv-gleidingen.de\/index.php?rest_route=\/wp\/v2\/posts\/1368\/revisions\/1372"}],"wp:attachment":[{"href":"https:\/\/www.sv-gleidingen.de\/index.php?rest_route=%2Fwp%2Fv2%2Fmedia&parent=1368"}],"wp:term":[{"taxonomy":"category","embeddable":true,"href":"https:\/\/www.sv-gleidingen.de\/index.php?rest_route=%2Fwp%2Fv2%2Fcategories&post=1368"},{"taxonomy":"post_tag","embeddable":true,"href":"https:\/\/www.sv-gleidingen.de\/index.php?rest_route=%2Fwp%2Fv2%2Ftags&post=1368"}],"curies":[{"name":"wp","href":"https:\/\/api.w.org\/{rel}","templated":true}]}}