{"id":1342,"date":"2023-05-22T20:38:59","date_gmt":"2023-05-22T18:38:59","guid":{"rendered":"https:\/\/www.sv-gleidingen.de\/?p=1342"},"modified":"2023-05-25T12:33:09","modified_gmt":"2023-05-25T10:33:09","slug":"gleidinger-koeniginnen-und-koenig-stehen-fest","status":"publish","type":"post","link":"https:\/\/www.sv-gleidingen.de\/?p=1342","title":{"rendered":"Gleidinger K\u00f6niginnen und K\u00f6nig stehen fest"},"content":{"rendered":"\n<p>Am vergangenen Samstag wurden die diesj\u00e4hrigen K\u00f6nigsw\u00fcrden vergeben und die K\u00f6niginnen und der K\u00f6nig proklamiert.<\/p>\n\n\n\n<p>Im Beisein zahlreicher G\u00e4ste aus Politik und von befreundet Vereinen, sowie vieler Besucher wurde bis in den fr\u00fchen Morgen die W\u00fcrdentr\u00e4ger und auch die Empf\u00e4nger von Ehren- und Sonderpreise gefeiert. <\/p>\n\n\n\n<p>Die diesj\u00e4hrigen W\u00fcrdentr\u00e4ger sind<\/p>\n\n\n\n<p>Sch\u00fctzenk\u00f6nigin S. Blumenberg <br>Jugendk\u00f6nigin L. Phillips<br>B\u00fcrgerk\u00f6nigin J. Krug<br>Dartk\u00f6nig T. Fiedler<\/p>\n\n\n\n<p><\/p>\n\n\n\n<p>Am kommenden Pfingswochenende findet der zweite Teil der Feier auf dem Volks-und Sch\u00fctzenfest auf dem Festplatz am Messeschnellweg statt.<\/p>\n\n\n\n<p><\/p>\n\n\n\n<figure class=\"wp-block-image size-full is-style-default\"><img loading=\"lazy\" decoding=\"async\" width=\"1366\" height=\"1290\" src=\"https:\/\/www.sv-gleidingen.de\/wp-content\/uploads\/2023\/05\/P1030965-02_edit_189628095674709-01-01.jpeg\" alt=\"\" class=\"wp-image-1343\" srcset=\"https:\/\/www.sv-gleidingen.de\/wp-content\/uploads\/2023\/05\/P1030965-02_edit_189628095674709-01-01.jpeg 1366w, https:\/\/www.sv-gleidingen.de\/wp-content\/uploads\/2023\/05\/P1030965-02_edit_189628095674709-01-01-300x283.jpeg 300w, https:\/\/www.sv-gleidingen.de\/wp-content\/uploads\/2023\/05\/P1030965-02_edit_189628095674709-01-01-1024x967.jpeg 1024w, https:\/\/www.sv-gleidingen.de\/wp-content\/uploads\/2023\/05\/P1030965-02_edit_189628095674709-01-01-768x725.jpeg 768w, https:\/\/www.sv-gleidingen.de\/wp-content\/uploads\/2023\/05\/P1030965-02_edit_189628095674709-01-01-956x903.jpeg 956w\" sizes=\"auto, (max-width: 1366px) 100vw, 1366px\" \/><\/figure>\n\n\n\n<p><\/p>\n","protected":false},"excerpt":{"rendered":"<p>Am vergangenen Samstag wurden die diesj\u00e4hrigen K\u00f6nigsw\u00fcrden vergeben und die K\u00f6niginnen und der K\u00f6nig proklamiert. Im Beisein zahlreicher G\u00e4ste aus Politik und von befreundet Vereinen, sowie vieler Besucher wurde bis in den fr\u00fchen Morgen die W\u00fcrdentr\u00e4ger und auch die Empf\u00e4nger&#8230;<br \/><a class=\"read-more-button\" href=\"https:\/\/www.sv-gleidingen.de\/?p=1342\">Mehr Lesen<\/a><\/p>\n","protected":false},"author":211,"featured_media":0,"comment_status":"closed","ping_status":"closed","sticky":false,"template":"","format":"standard","meta":{"footnotes":""},"categories":[1,21],"tags":[],"class_list":["post-1342","post","type-post","status-publish","format-standard","hentry","category-allgemein","category-vereinsnachrichten"],"_links":{"self":[{"href":"https:\/\/www.sv-gleidingen.de\/index.php?rest_route=\/wp\/v2\/posts\/1342","targetHints":{"allow":["GET"]}}],"collection":[{"href":"https:\/\/www.sv-gleidingen.de\/index.php?rest_route=\/wp\/v2\/posts"}],"about":[{"href":"https:\/\/www.sv-gleidingen.de\/index.php?rest_route=\/wp\/v2\/types\/post"}],"author":[{"embeddable":true,"href":"https:\/\/www.sv-gleidingen.de\/index.php?rest_route=\/wp\/v2\/users\/211"}],"replies":[{"embeddable":true,"href":"https:\/\/www.sv-gleidingen.de\/index.php?rest_route=%2Fwp%2Fv2%2Fcomments&post=1342"}],"version-history":[{"count":4,"href":"https:\/\/www.sv-gleidingen.de\/index.php?rest_route=\/wp\/v2\/posts\/1342\/revisions"}],"predecessor-version":[{"id":1347,"href":"https:\/\/www.sv-gleidingen.de\/index.php?rest_route=\/wp\/v2\/posts\/1342\/revisions\/1347"}],"wp:attachment":[{"href":"https:\/\/www.sv-gleidingen.de\/index.php?rest_route=%2Fwp%2Fv2%2Fmedia&parent=1342"}],"wp:term":[{"taxonomy":"category","embeddable":true,"href":"https:\/\/www.sv-gleidingen.de\/index.php?rest_route=%2Fwp%2Fv2%2Fcategories&post=1342"},{"taxonomy":"post_tag","embeddable":true,"href":"https:\/\/www.sv-gleidingen.de\/index.php?rest_route=%2Fwp%2Fv2%2Ftags&post=1342"}],"curies":[{"name":"wp","href":"https:\/\/api.w.org\/{rel}","templated":true}]}}