{"id":1332,"date":"2023-05-06T19:36:39","date_gmt":"2023-05-06T17:36:39","guid":{"rendered":"https:\/\/www.sv-gleidingen.de\/?p=1332"},"modified":"2023-05-06T19:36:40","modified_gmt":"2023-05-06T17:36:40","slug":"gleidinger-volks-und-schuetzenfest-2023","status":"publish","type":"post","link":"https:\/\/www.sv-gleidingen.de\/?p=1332","title":{"rendered":"Gleidinger Volks- und Sch\u00fctzenfest 2023"},"content":{"rendered":"\n<p class=\"has-medium-font-size\"><em>Das allj\u00e4hliche Volks- und Sch\u00fctzenfest steht vor  der T\u00fcr!<\/em><\/p>\n\n\n\n<p><br>Nur noch drei Wochen bzw. 21 Tage dann wird wieder auf dem Festplatz an der Oesselser Str. gefeiert.<br><br>Im Vorfeld findet das traditionelle Schie\u00dfen um die K\u00f6nigsw\u00fcrden, Ehren- und Sonderpreise der Gleidinger Sch\u00fctzen und Sch\u00fctzinnen statt.<br>Schie\u00dftermine sind: Sonntag, 07.05.2023 von 15-17 Uhr und 13.05.2023 von 10-14 Uhr <br>Die Ausschreibungen befinden sich am schwarzen Brett und auf dieser Seite<a href=\"https:\/\/www.sv-gleidingen.de\/?page_id=1292\" data-type=\"URL\" data-id=\"https:\/\/www.sv-gleidingen.de\/?page_id=1292\"><strong> (klick)<\/strong><\/a><br><br>Auch der B\u00fcrgerk\u00f6nig wird noch gesucht. <br>Hier sind die Schie\u00dftermine: 11. -12.5. 2023 von 18-21 Uhr im Rahmen des Vergleichsschie\u00dfen der Gleidinger Vereine, Verb\u00e4nde und Firmen.  Information befindet sich hier <a href=\"https:\/\/www.sv-gleidingen.de\/?page_id=898\" data-type=\"URL\" data-id=\"https:\/\/www.sv-gleidingen.de\/?page_id=898\"><strong>(klick)<\/strong><\/a><br>Sowie am 13.5.2023 von 10- 14 Uhr. Die Ausschreibung befindet sich auch am schwarzen Brett im Sch\u00fctzenhaus oder auf dieser extra Seite <strong><a href=\"https:\/\/www.sv-gleidingen.de\/?page_id=1292\" data-type=\"URL\" data-id=\"https:\/\/www.sv-gleidingen.de\/?page_id=1292\">(klick)<\/a><\/strong><\/p>\n\n\n\n<figure class=\"wp-block-image size-full is-style-default\"><img loading=\"lazy\" decoding=\"async\" width=\"454\" height=\"550\" src=\"https:\/\/www.sv-gleidingen.de\/wp-content\/uploads\/2023\/05\/Koenigsscheiben-2023-2.png\" alt=\"Die K\u00f6nigsscheiben 2023 (C)by Sch\u00fctzenverein Gleidingen\" class=\"wp-image-1336\" srcset=\"https:\/\/www.sv-gleidingen.de\/wp-content\/uploads\/2023\/05\/Koenigsscheiben-2023-2.png 454w, https:\/\/www.sv-gleidingen.de\/wp-content\/uploads\/2023\/05\/Koenigsscheiben-2023-2-248x300.png 248w\" sizes=\"auto, (max-width: 454px) 100vw, 454px\" \/><figcaption class=\"wp-element-caption\">Die K\u00f6nigsscheiben 2023<\/figcaption><\/figure>\n\n\n\n<p>Am Samstag, den 20.5.23 findet die Prokamation der K\u00f6nige und Vergabe der PReise anb 19.00 Uhr statt. Ab 20.00 Uhr wird dann gefeiert. Zutritt ist f\u00fcr frei f\u00fcr alle, wir freuen uns Sie\/Euch im Sch\u00fctzenhaus begr\u00fc\u00dfen zu k\u00f6nnen<\/p>\n\n\n\n<p>Und eine Woche sp\u00e4ter ist es dann zu Pfingesten soweit. <br>Das Volks- und Sch\u00fctzenfest 2023. <br>Den genauen Ablauf ist im Festprogramm beschrieben, das wird in den n\u00e4chsten Tagen in Gleidingen verteilt oder ist hier online nachzulesen\/steht zum download bereit <strong><a href=\"https:\/\/www.sv-gleidingen.de\/?page_id=909\" data-type=\"URL\" data-id=\"https:\/\/www.sv-gleidingen.de\/?page_id=909\">(klick)<\/a><\/strong><\/p>\n\n\n\n<p><br><\/p>\n","protected":false},"excerpt":{"rendered":"<p>Das allj\u00e4hliche Volks- und Sch\u00fctzenfest steht vor der T\u00fcr! Nur noch drei Wochen bzw. 21 Tage dann wird wieder auf dem Festplatz an der Oesselser Str. gefeiert. Im Vorfeld findet das traditionelle Schie\u00dfen um die K\u00f6nigsw\u00fcrden, Ehren- und Sonderpreise der&#8230;<br \/><a class=\"read-more-button\" href=\"https:\/\/www.sv-gleidingen.de\/?p=1332\">Mehr Lesen<\/a><\/p>\n","protected":false},"author":211,"featured_media":0,"comment_status":"closed","ping_status":"closed","sticky":false,"template":"","format":"standard","meta":{"footnotes":""},"categories":[1],"tags":[],"class_list":["post-1332","post","type-post","status-publish","format-standard","hentry","category-allgemein"],"_links":{"self":[{"href":"https:\/\/www.sv-gleidingen.de\/index.php?rest_route=\/wp\/v2\/posts\/1332","targetHints":{"allow":["GET"]}}],"collection":[{"href":"https:\/\/www.sv-gleidingen.de\/index.php?rest_route=\/wp\/v2\/posts"}],"about":[{"href":"https:\/\/www.sv-gleidingen.de\/index.php?rest_route=\/wp\/v2\/types\/post"}],"author":[{"embeddable":true,"href":"https:\/\/www.sv-gleidingen.de\/index.php?rest_route=\/wp\/v2\/users\/211"}],"replies":[{"embeddable":true,"href":"https:\/\/www.sv-gleidingen.de\/index.php?rest_route=%2Fwp%2Fv2%2Fcomments&post=1332"}],"version-history":[{"count":3,"href":"https:\/\/www.sv-gleidingen.de\/index.php?rest_route=\/wp\/v2\/posts\/1332\/revisions"}],"predecessor-version":[{"id":1338,"href":"https:\/\/www.sv-gleidingen.de\/index.php?rest_route=\/wp\/v2\/posts\/1332\/revisions\/1338"}],"wp:attachment":[{"href":"https:\/\/www.sv-gleidingen.de\/index.php?rest_route=%2Fwp%2Fv2%2Fmedia&parent=1332"}],"wp:term":[{"taxonomy":"category","embeddable":true,"href":"https:\/\/www.sv-gleidingen.de\/index.php?rest_route=%2Fwp%2Fv2%2Fcategories&post=1332"},{"taxonomy":"post_tag","embeddable":true,"href":"https:\/\/www.sv-gleidingen.de\/index.php?rest_route=%2Fwp%2Fv2%2Ftags&post=1332"}],"curies":[{"name":"wp","href":"https:\/\/api.w.org\/{rel}","templated":true}]}}