{"id":1313,"date":"2023-04-24T13:49:32","date_gmt":"2023-04-24T11:49:32","guid":{"rendered":"https:\/\/www.sv-gleidingen.de\/?p=1313"},"modified":"2023-04-24T14:02:22","modified_gmt":"2023-04-24T12:02:22","slug":"das-schiessen-um-die-koenigswuerden-ehren-und-sonderpreise-startet","status":"publish","type":"post","link":"https:\/\/www.sv-gleidingen.de\/?p=1313","title":{"rendered":"Das Schie\u00dfen um die K\u00f6nigsw\u00fcrden, Ehren- und Sonderpreise startet"},"content":{"rendered":"\n<p>Wie im jeden Jahr wird auch das diesj\u00e4hrige Fest der Sch\u00fctzen, Sch\u00fctzinnen, Darter und Daterinnen &#8211; kurzum das Fest der Mitglieder des Sch\u00fctzenverein Gleidingen &#8211; begleitet von dem Schie\u00dfen um die K\u00f6nigsw\u00fcrden, die Ehren &#8211; und Sonderpreise.<\/p>\n\n\n\n<p>Die Dartabteilung ist in einem internen Turnier seit mehreren Wochen schon dabei ihren diesj\u00e4hrigen Dart-K\u00f6nig\/in auszuspielen.<\/p>\n\n\n\n<p>Die Schie\u00dfabteilung folgt nun am 29. April und 13. Mai jeweils von 10.00 bis 14.00 Uhr.<br>Die Ausschreibungen f\u00fcr die jeweiligen Schie\u00dfen befinden sich im Sch\u00fctzenhaus am schwarzen Brett oder hier auf der Homepage auf dieser Seite:<mark style=\"background-color:rgba(0, 0, 0, 0)\" class=\"has-inline-color has-vivid-red-color\"> <\/mark><strong><a rel=\"noreferrer noopener\" href=\"https:\/\/www.sv-gleidingen.de\/?page_id=1292\" target=\"_blank\"><mark style=\"background-color:rgba(0, 0, 0, 0)\" class=\"has-inline-color has-vivid-red-color\">&#8222;K\u00f6nigs- und Ehrenpreisschie\u00dfen 2023&#8220;<\/mark><\/a><\/strong><\/p>\n\n\n\n<p>Des Weiteren erh\u00e4lt jeder Mitglieds-Haushalt dieses Jahr erstmalig ein &#8222;Das Mufflon&#8220;-Extra zu unserem Sch\u00fctzenfest, mit allen Informationen rund um das Highlight unseres Vereins.<br><br><em>Ein Hinweis vorab: Am Dienstag nach Pfingsten findet kein Schie\u00df- und Gastronomiebetrieb im Sch\u00fctzenhaus Gleidingen statt!<\/em><\/p>\n","protected":false},"excerpt":{"rendered":"<p>Wie im jeden Jahr wird auch das diesj\u00e4hrige Fest der Sch\u00fctzen, Sch\u00fctzinnen, Darter und Daterinnen &#8211; kurzum das Fest der Mitglieder des Sch\u00fctzenverein Gleidingen &#8211; begleitet von dem Schie\u00dfen um die K\u00f6nigsw\u00fcrden, die Ehren &#8211; und Sonderpreise. Die Dartabteilung ist&#8230;<br \/><a class=\"read-more-button\" href=\"https:\/\/www.sv-gleidingen.de\/?p=1313\">Mehr Lesen<\/a><\/p>\n","protected":false},"author":211,"featured_media":0,"comment_status":"closed","ping_status":"closed","sticky":false,"template":"","format":"standard","meta":{"footnotes":""},"categories":[21],"tags":[],"class_list":["post-1313","post","type-post","status-publish","format-standard","hentry","category-vereinsnachrichten"],"_links":{"self":[{"href":"https:\/\/www.sv-gleidingen.de\/index.php?rest_route=\/wp\/v2\/posts\/1313","targetHints":{"allow":["GET"]}}],"collection":[{"href":"https:\/\/www.sv-gleidingen.de\/index.php?rest_route=\/wp\/v2\/posts"}],"about":[{"href":"https:\/\/www.sv-gleidingen.de\/index.php?rest_route=\/wp\/v2\/types\/post"}],"author":[{"embeddable":true,"href":"https:\/\/www.sv-gleidingen.de\/index.php?rest_route=\/wp\/v2\/users\/211"}],"replies":[{"embeddable":true,"href":"https:\/\/www.sv-gleidingen.de\/index.php?rest_route=%2Fwp%2Fv2%2Fcomments&post=1313"}],"version-history":[{"count":6,"href":"https:\/\/www.sv-gleidingen.de\/index.php?rest_route=\/wp\/v2\/posts\/1313\/revisions"}],"predecessor-version":[{"id":1319,"href":"https:\/\/www.sv-gleidingen.de\/index.php?rest_route=\/wp\/v2\/posts\/1313\/revisions\/1319"}],"wp:attachment":[{"href":"https:\/\/www.sv-gleidingen.de\/index.php?rest_route=%2Fwp%2Fv2%2Fmedia&parent=1313"}],"wp:term":[{"taxonomy":"category","embeddable":true,"href":"https:\/\/www.sv-gleidingen.de\/index.php?rest_route=%2Fwp%2Fv2%2Fcategories&post=1313"},{"taxonomy":"post_tag","embeddable":true,"href":"https:\/\/www.sv-gleidingen.de\/index.php?rest_route=%2Fwp%2Fv2%2Ftags&post=1313"}],"curies":[{"name":"wp","href":"https:\/\/api.w.org\/{rel}","templated":true}]}}